{"id":8518,"date":"2021-12-15T14:59:14","date_gmt":"2021-12-15T14:59:14","guid":{"rendered":"https:\/\/www.udalegal.com\/tr\/?p=8518"},"modified":"2022-10-31T12:08:17","modified_gmt":"2022-10-31T12:08:17","slug":"turkiyede-borcluya-iliskin-mal-varligini-ogrenebilir-miyim","status":"publish","type":"post","link":"https:\/\/www.udalegal.com\/tr\/turkiyede-borcluya-iliskin-mal-varligini-ogrenebilir-miyim\/","title":{"rendered":"T\u00fcrkiye\u2019de Bor\u00e7luya \u0130li\u015fkin Mal Varl\u0131\u011f\u0131n\u0131 \u00d6\u011frenebilir miyim?"},"content":{"rendered":"<p>Almanya\u2019da ya\u015fayan T\u00fcrk vatanda\u015flar, pek \u00e7ok a\u00e7\u0131dan T\u00fcrkiye\u2019deki \u00e7evresiyle olan ili\u015fkisini s\u00fcrd\u00fcrmektedir. Gerek hukuki gerekse \u00f6zel bir\u00e7ok konuda T\u00fcrkiye ile ili\u015fkilerini koparmayan vatanda\u015flar, zaman zaman T\u00fcrkiye\u2019ye gelip gitmektedir. Yurt d\u0131\u015f\u0131nda ya\u015fayan vatanda\u015flar\u0131n T\u00fcrkiye\u2019de hukuki pek \u00e7ok konuda i\u015flemleri olabilmektedir.<\/p>\n<p>Yurt d\u0131\u015f\u0131nda ya\u015famalar\u0131 sebebiyle T\u00fcrkiye\u2019deki hukuki i\u015flemlerini takip edememektedir. Bu nedenle T\u00fcrkiye\u2019deki hukuki i\u015flemlerin takibi ile ilgili bir\u00e7ok sorunla kar\u015f\u0131 kar\u015f\u0131ya kalabilmektedir.<\/p>\n<p><strong>T\u00fcrkiye\u2019de Mal Varl\u0131\u011f\u0131n\u0131 \u00d6\u011frenmek \u0130stedi\u011finiz \u015eah\u0131slara Ait Detayl\u0131 Tapu Sorgulama<\/strong><\/p>\n<p>Almanya\u2019da ya\u015fayan vatanda\u015flar\u0131n en \u00e7ok problem ya\u015fad\u0131klar\u0131 hukuki konular\u0131n ba\u015f\u0131nda <a href=\"https:\/\/www.udalegal.com\/tr\/hizmetlerimiz\/\" target=\"_blank\" rel=\"noopener\"><strong>T\u00fcrkiye\u2019deki her t\u00fcrl\u00fc alaca\u011f\u0131n takibi, icra i\u015flemleri, bor\u00e7luya ait mal varl\u0131\u011f\u0131 sorgulama ve tespiti<\/strong><\/a> yer al\u0131r. T\u00fcrkiye d\u0131\u015f\u0131nda yer alan vatanda\u015flar\u0131n icra ve alacak takibi yurt d\u0131\u015f\u0131 kaynakl\u0131 \u00f6nemli hukuki meseleler aras\u0131nda bulunur. Yurt d\u0131\u015f\u0131ndaki vatanda\u015flar baz\u0131 durumlarda bor\u00e7 ve alacaklar\u0131n\u0131 tahsil edememektedir.<\/p>\n<p>Yurt d\u0131\u015f\u0131nda bulunmalar\u0131 nedeniyle hukuki ve resmi i\u015flemlerin takibini y\u00fcr\u00fctememektedir. \u00d6rne\u011fin; T\u00fcrkiye\u2019de alaca\u011f\u0131 olan Almanya\u2019daki bir vatanda\u015f alaca\u011f\u0131n takibi, icra i\u015flemleri ve bor\u00e7luya ait mal varl\u0131\u011f\u0131 sorgulama ve tespiti i\u015flemlerini ger\u00e7ekle\u015ftirememektedir. Yurt d\u0131\u015f\u0131nda ya\u015famalar\u0131 sebebiyle resmi dairelerde yap\u0131lmas\u0131 gereken i\u015flemleri y\u00fcr\u00fctememektedir.<\/p>\n<p>Almanya\u2019da ya\u015fayan T\u00fcrk vatanda\u015flar alacaklar\u0131n\u0131 tahsil edememenin yan\u0131 s\u0131ra icra takibi de ba\u015flatamamaktad\u0131r. Alacakl\u0131n\u0131n yurt d\u0131\u015f\u0131nda bulunmas\u0131 ve T\u00fcrkiye\u2019de ikamet etmemesi de durumu etkileyen kritik etmenler aras\u0131nda yer al\u0131r. Alacak tahsil edilebilmesi i\u00e7in bor\u00e7lunun mal varl\u0131\u011f\u0131 tespitinin yap\u0131lmas\u0131 gerekir. Alacakl\u0131, bu tespit ile icra takibi ba\u015flat\u0131p ba\u015flatmayaca\u011f\u0131n\u0131n karar\u0131n\u0131 verebilir.<\/p>\n<p>Gurbet\u00e7i vatanda\u015flar\u0131n, \u00fclkemizdeki alacaklar\u0131 ile ilgili icra takibi ve dava a\u00e7ma i\u015flemlerinin hemen \u00f6ncesinde bor\u00e7luya ait mal varl\u0131\u011f\u0131 ve adres sorgulama yap\u0131lmas\u0131 \u00f6nemlidir. Bor\u00e7luya ait mal varl\u0131\u011f\u0131 sorgulama ve tespit i\u015flemlerinin ard\u0131ndan izlenecek hukuki yol belirlenir. Gerekli durumlarda bor\u00e7lu hakk\u0131nda icra takibi ba\u015flat\u0131larak alacak tahsili yap\u0131labilir.<\/p>\n<p>UDA Legal yurt d\u0131\u015f\u0131ndaki T\u00fcrk vatanda\u015flara yasal konusunda hizmet verir. Uzman avukat ve kurulu\u015flarla i\u015f birli\u011fi halinde \u00e7al\u0131\u015fan UDA Legal, yurt d\u0131\u015f\u0131nda ya\u015fayan ki\u015filere, T\u00fcrkiye\u2019deki alacaklar\u0131yla ilgili t\u00fcm hukuki konularda destek sa\u011flar. Bor\u00e7luya ili\u015fkin mal varl\u0131\u011f\u0131 ve sorgulama i\u015flemlerinde sorgulanan \u015fahs\u0131n haberi olmayacak \u015fekilde ara\u015ft\u0131rma yap\u0131l\u0131r. Ger\u00e7ek bilgilere en h\u0131zl\u0131 \u015fekilde ula\u015farak izlenecek yasal prosed\u00fcrlerde ki\u015fileri uzun yarg\u0131lama ve y\u00fcksek masraf probleminden kurtar\u0131r.<\/p>\n<p><a href=\"https:\/\/www.udalegal.com\/tr\/\" target=\"_blank\" rel=\"noopener\"><strong>https:\/\/www.udalegal.com\/tr\/<\/strong><\/a><\/p>\n","protected":false},"excerpt":{"rendered":"<p>Almanya\u2019da ya\u015fayan T\u00fcrk vatanda\u015flar, pek \u00e7ok a\u00e7\u0131dan T\u00fcrkiye\u2019deki \u00e7evresiyle olan ili\u015fkisini s\u00fcrd\u00fcrmektedir. Gerek hukuki gerekse \u00f6zel bir\u00e7ok konuda T\u00fcrkiye ile ili\u015fkilerini koparmayan vatanda\u015flar, zaman zaman T\u00fcrkiye\u2019ye gelip gitmektedir. Yurt d\u0131\u015f\u0131nda ya\u015fayan vatanda\u015flar\u0131n T\u00fcrkiye\u2019de hukuki pek \u00e7ok konuda i\u015flemleri olabilmektedir. Yurt d\u0131\u015f\u0131nda ya\u015famalar\u0131 sebebiyle T\u00fcrkiye\u2019deki hukuki i\u015flemlerini takip edememektedir. Bu nedenle T\u00fcrkiye\u2019deki hukuki i\u015flemlerin takibi ile&#8230;<\/p>\n","protected":false},"author":2,"featured_media":8519,"comment_status":"open","ping_status":"open","sticky":false,"template":"","format":"standard","meta":[],"categories":[15],"tags":[],"yoast_head":"<!-- This site is optimized with the Yoast SEO plugin v20.1 - https:\/\/yoast.com\/wordpress\/plugins\/seo\/ -->\n<title>T\u00fcrkiye\u2019de Bor\u00e7luya \u0130li\u015fkin Mal Varl\u0131\u011f\u0131n\u0131 \u00d6\u011frenebilir miyim? - UDA LEGAL ARA\u015eTIRMA \u015e\u0130RKET\u0130<\/title>\n<meta name=\"description\" content=\"T\u00fcrkiye\u2019de Bor\u00e7luya \u0130li\u015fkin Mal Varl\u0131\u011f\u0131n\u0131 \u00d6\u011frenebilir miyim, T\u00fcrkiye\u2019de Mal Varl\u0131\u011f\u0131n\u0131 \u00d6\u011frenmek \u0130stedi\u011finiz \u015eah\u0131slara Ait Detayl\u0131...\" \/>\n<meta name=\"robots\" content=\"index, follow, max-snippet:-1, max-image-preview:large, max-video-preview:-1\" \/>\n<link rel=\"canonical\" href=\"https:\/\/www.udalegal.com\/tr\/turkiyede-borcluya-iliskin-mal-varligini-ogrenebilir-miyim\/\" \/>\n<meta property=\"og:locale\" content=\"tr_TR\" \/>\n<meta property=\"og:type\" content=\"article\" \/>\n<meta property=\"og:title\" content=\"T\u00fcrkiye\u2019de Bor\u00e7luya \u0130li\u015fkin Mal Varl\u0131\u011f\u0131n\u0131 \u00d6\u011frenebilir miyim? - UDA LEGAL ARA\u015eTIRMA \u015e\u0130RKET\u0130\" \/>\n<meta property=\"og:description\" content=\"T\u00fcrkiye\u2019de Bor\u00e7luya \u0130li\u015fkin Mal Varl\u0131\u011f\u0131n\u0131 \u00d6\u011frenebilir miyim, T\u00fcrkiye\u2019de Mal Varl\u0131\u011f\u0131n\u0131 \u00d6\u011frenmek \u0130stedi\u011finiz \u015eah\u0131slara Ait Detayl\u0131...\" \/>\n<meta property=\"og:url\" content=\"https:\/\/www.udalegal.com\/tr\/turkiyede-borcluya-iliskin-mal-varligini-ogrenebilir-miyim\/\" \/>\n<meta property=\"og:site_name\" content=\"UDA LEGAL ARA\u015eTIRMA \u015e\u0130RKET\u0130\" \/>\n<meta property=\"article:published_time\" content=\"2021-12-15T14:59:14+00:00\" \/>\n<meta property=\"article:modified_time\" content=\"2022-10-31T12:08:17+00:00\" \/>\n<meta property=\"og:image\" content=\"https:\/\/www.udalegal.com\/tr\/wp-content\/uploads\/2021\/12\/Turkiyede-Borcluya-Iliskin-Mal-Varligini-Ogrenebilir-miyim.jpeg\" \/>\n\t<meta property=\"og:image:width\" content=\"1240\" \/>\n\t<meta property=\"og:image:height\" content=\"697\" \/>\n\t<meta property=\"og:image:type\" content=\"image\/jpeg\" \/>\n<meta name=\"author\" content=\"ece\" \/>\n<meta name=\"twitter:card\" content=\"summary_large_image\" \/>\n<meta name=\"twitter:label1\" content=\"Yazan:\" \/>\n\t<meta name=\"twitter:data1\" content=\"ece\" \/>\n\t<meta name=\"twitter:label2\" content=\"Tahmini okuma s\u00fcresi\" \/>\n\t<meta name=\"twitter:data2\" content=\"2 dakika\" \/>\n<script type=\"application\/ld+json\" class=\"yoast-schema-graph\">{\"@context\":\"https:\/\/schema.org\",\"@graph\":[{\"@type\":\"WebPage\",\"@id\":\"https:\/\/www.udalegal.com\/tr\/turkiyede-borcluya-iliskin-mal-varligini-ogrenebilir-miyim\/\",\"url\":\"https:\/\/www.udalegal.com\/tr\/turkiyede-borcluya-iliskin-mal-varligini-ogrenebilir-miyim\/\",\"name\":\"T\u00fcrkiye\u2019de Bor\u00e7luya \u0130li\u015fkin Mal Varl\u0131\u011f\u0131n\u0131 \u00d6\u011frenebilir miyim? - UDA LEGAL ARA\u015eTIRMA \u015e\u0130RKET\u0130\",\"isPartOf\":{\"@id\":\"https:\/\/www.udalegal.com\/tr\/#website\"},\"datePublished\":\"2021-12-15T14:59:14+00:00\",\"dateModified\":\"2022-10-31T12:08:17+00:00\",\"author\":{\"@id\":\"https:\/\/www.udalegal.com\/tr\/#\/schema\/person\/b9956cf114369950a9a14a03583d593c\"},\"description\":\"T\u00fcrkiye\u2019de Bor\u00e7luya \u0130li\u015fkin Mal Varl\u0131\u011f\u0131n\u0131 \u00d6\u011frenebilir miyim, T\u00fcrkiye\u2019de Mal Varl\u0131\u011f\u0131n\u0131 \u00d6\u011frenmek \u0130stedi\u011finiz \u015eah\u0131slara Ait Detayl\u0131...\",\"breadcrumb\":{\"@id\":\"https:\/\/www.udalegal.com\/tr\/turkiyede-borcluya-iliskin-mal-varligini-ogrenebilir-miyim\/#breadcrumb\"},\"inLanguage\":\"tr\",\"potentialAction\":[{\"@type\":\"ReadAction\",\"target\":[\"https:\/\/www.udalegal.com\/tr\/turkiyede-borcluya-iliskin-mal-varligini-ogrenebilir-miyim\/\"]}]},{\"@type\":\"BreadcrumbList\",\"@id\":\"https:\/\/www.udalegal.com\/tr\/turkiyede-borcluya-iliskin-mal-varligini-ogrenebilir-miyim\/#breadcrumb\",\"itemListElement\":[{\"@type\":\"ListItem\",\"position\":1,\"name\":\"Anasayfa\",\"item\":\"https:\/\/www.udalegal.com\/tr\/\"},{\"@type\":\"ListItem\",\"position\":2,\"name\":\"T\u00fcrkiye\u2019de Bor\u00e7luya \u0130li\u015fkin Mal Varl\u0131\u011f\u0131n\u0131 \u00d6\u011frenebilir miyim?\"}]},{\"@type\":\"WebSite\",\"@id\":\"https:\/\/www.udalegal.com\/tr\/#website\",\"url\":\"https:\/\/www.udalegal.com\/tr\/\",\"name\":\"UDA LEGAL ARA\u015eTIRMA \u015e\u0130RKET\u0130\",\"description\":\"\",\"potentialAction\":[{\"@type\":\"SearchAction\",\"target\":{\"@type\":\"EntryPoint\",\"urlTemplate\":\"https:\/\/www.udalegal.com\/tr\/?s={search_term_string}\"},\"query-input\":\"required name=search_term_string\"}],\"inLanguage\":\"tr\"},{\"@type\":\"Person\",\"@id\":\"https:\/\/www.udalegal.com\/tr\/#\/schema\/person\/b9956cf114369950a9a14a03583d593c\",\"name\":\"ece\",\"image\":{\"@type\":\"ImageObject\",\"inLanguage\":\"tr\",\"@id\":\"https:\/\/www.udalegal.com\/tr\/#\/schema\/person\/image\/\",\"url\":\"https:\/\/secure.gravatar.com\/avatar\/858fae87a025a8f6e681266952023f93?s=96&d=mm&r=g\",\"contentUrl\":\"https:\/\/secure.gravatar.com\/avatar\/858fae87a025a8f6e681266952023f93?s=96&d=mm&r=g\",\"caption\":\"ece\"}}]}<\/script>\n<!-- \/ Yoast SEO plugin. -->","yoast_head_json":{"title":"T\u00fcrkiye\u2019de Bor\u00e7luya \u0130li\u015fkin Mal Varl\u0131\u011f\u0131n\u0131 \u00d6\u011frenebilir miyim? - UDA LEGAL ARA\u015eTIRMA \u015e\u0130RKET\u0130","description":"T\u00fcrkiye\u2019de Bor\u00e7luya \u0130li\u015fkin Mal Varl\u0131\u011f\u0131n\u0131 \u00d6\u011frenebilir miyim, T\u00fcrkiye\u2019de Mal Varl\u0131\u011f\u0131n\u0131 \u00d6\u011frenmek \u0130stedi\u011finiz \u015eah\u0131slara Ait Detayl\u0131...","robots":{"index":"index","follow":"follow","max-snippet":"max-snippet:-1","max-image-preview":"max-image-preview:large","max-video-preview":"max-video-preview:-1"},"canonical":"https:\/\/www.udalegal.com\/tr\/turkiyede-borcluya-iliskin-mal-varligini-ogrenebilir-miyim\/","og_locale":"tr_TR","og_type":"article","og_title":"T\u00fcrkiye\u2019de Bor\u00e7luya \u0130li\u015fkin Mal Varl\u0131\u011f\u0131n\u0131 \u00d6\u011frenebilir miyim? - UDA LEGAL ARA\u015eTIRMA \u015e\u0130RKET\u0130","og_description":"T\u00fcrkiye\u2019de Bor\u00e7luya \u0130li\u015fkin Mal Varl\u0131\u011f\u0131n\u0131 \u00d6\u011frenebilir miyim, T\u00fcrkiye\u2019de Mal Varl\u0131\u011f\u0131n\u0131 \u00d6\u011frenmek \u0130stedi\u011finiz \u015eah\u0131slara Ait Detayl\u0131...","og_url":"https:\/\/www.udalegal.com\/tr\/turkiyede-borcluya-iliskin-mal-varligini-ogrenebilir-miyim\/","og_site_name":"UDA LEGAL ARA\u015eTIRMA \u015e\u0130RKET\u0130","article_published_time":"2021-12-15T14:59:14+00:00","article_modified_time":"2022-10-31T12:08:17+00:00","og_image":[{"width":1240,"height":697,"url":"https:\/\/www.udalegal.com\/tr\/wp-content\/uploads\/2021\/12\/Turkiyede-Borcluya-Iliskin-Mal-Varligini-Ogrenebilir-miyim.jpeg","type":"image\/jpeg"}],"author":"ece","twitter_card":"summary_large_image","twitter_misc":{"Yazan:":"ece","Tahmini okuma s\u00fcresi":"2 dakika"},"schema":{"@context":"https:\/\/schema.org","@graph":[{"@type":"WebPage","@id":"https:\/\/www.udalegal.com\/tr\/turkiyede-borcluya-iliskin-mal-varligini-ogrenebilir-miyim\/","url":"https:\/\/www.udalegal.com\/tr\/turkiyede-borcluya-iliskin-mal-varligini-ogrenebilir-miyim\/","name":"T\u00fcrkiye\u2019de Bor\u00e7luya \u0130li\u015fkin Mal Varl\u0131\u011f\u0131n\u0131 \u00d6\u011frenebilir miyim? - UDA LEGAL ARA\u015eTIRMA \u015e\u0130RKET\u0130","isPartOf":{"@id":"https:\/\/www.udalegal.com\/tr\/#website"},"datePublished":"2021-12-15T14:59:14+00:00","dateModified":"2022-10-31T12:08:17+00:00","author":{"@id":"https:\/\/www.udalegal.com\/tr\/#\/schema\/person\/b9956cf114369950a9a14a03583d593c"},"description":"T\u00fcrkiye\u2019de Bor\u00e7luya \u0130li\u015fkin Mal Varl\u0131\u011f\u0131n\u0131 \u00d6\u011frenebilir miyim, T\u00fcrkiye\u2019de Mal Varl\u0131\u011f\u0131n\u0131 \u00d6\u011frenmek \u0130stedi\u011finiz \u015eah\u0131slara Ait Detayl\u0131...","breadcrumb":{"@id":"https:\/\/www.udalegal.com\/tr\/turkiyede-borcluya-iliskin-mal-varligini-ogrenebilir-miyim\/#breadcrumb"},"inLanguage":"tr","potentialAction":[{"@type":"ReadAction","target":["https:\/\/www.udalegal.com\/tr\/turkiyede-borcluya-iliskin-mal-varligini-ogrenebilir-miyim\/"]}]},{"@type":"BreadcrumbList","@id":"https:\/\/www.udalegal.com\/tr\/turkiyede-borcluya-iliskin-mal-varligini-ogrenebilir-miyim\/#breadcrumb","itemListElement":[{"@type":"ListItem","position":1,"name":"Anasayfa","item":"https:\/\/www.udalegal.com\/tr\/"},{"@type":"ListItem","position":2,"name":"T\u00fcrkiye\u2019de Bor\u00e7luya \u0130li\u015fkin Mal Varl\u0131\u011f\u0131n\u0131 \u00d6\u011frenebilir miyim?"}]},{"@type":"WebSite","@id":"https:\/\/www.udalegal.com\/tr\/#website","url":"https:\/\/www.udalegal.com\/tr\/","name":"UDA LEGAL ARA\u015eTIRMA \u015e\u0130RKET\u0130","description":"","potentialAction":[{"@type":"SearchAction","target":{"@type":"EntryPoint","urlTemplate":"https:\/\/www.udalegal.com\/tr\/?s={search_term_string}"},"query-input":"required name=search_term_string"}],"inLanguage":"tr"},{"@type":"Person","@id":"https:\/\/www.udalegal.com\/tr\/#\/schema\/person\/b9956cf114369950a9a14a03583d593c","name":"ece","image":{"@type":"ImageObject","inLanguage":"tr","@id":"https:\/\/www.udalegal.com\/tr\/#\/schema\/person\/image\/","url":"https:\/\/secure.gravatar.com\/avatar\/858fae87a025a8f6e681266952023f93?s=96&d=mm&r=g","contentUrl":"https:\/\/secure.gravatar.com\/avatar\/858fae87a025a8f6e681266952023f93?s=96&d=mm&r=g","caption":"ece"}}]}},"_links":{"self":[{"href":"https:\/\/www.udalegal.com\/tr\/wp-json\/wp\/v2\/posts\/8518"}],"collection":[{"href":"https:\/\/www.udalegal.com\/tr\/wp-json\/wp\/v2\/posts"}],"about":[{"href":"https:\/\/www.udalegal.com\/tr\/wp-json\/wp\/v2\/types\/post"}],"author":[{"embeddable":true,"href":"https:\/\/www.udalegal.com\/tr\/wp-json\/wp\/v2\/users\/2"}],"replies":[{"embeddable":true,"href":"https:\/\/www.udalegal.com\/tr\/wp-json\/wp\/v2\/comments?post=8518"}],"version-history":[{"count":2,"href":"https:\/\/www.udalegal.com\/tr\/wp-json\/wp\/v2\/posts\/8518\/revisions"}],"predecessor-version":[{"id":8596,"href":"https:\/\/www.udalegal.com\/tr\/wp-json\/wp\/v2\/posts\/8518\/revisions\/8596"}],"wp:featuredmedia":[{"embeddable":true,"href":"https:\/\/www.udalegal.com\/tr\/wp-json\/wp\/v2\/media\/8519"}],"wp:attachment":[{"href":"https:\/\/www.udalegal.com\/tr\/wp-json\/wp\/v2\/media?parent=8518"}],"wp:term":[{"taxonomy":"category","embeddable":true,"href":"https:\/\/www.udalegal.com\/tr\/wp-json\/wp\/v2\/categories?post=8518"},{"taxonomy":"post_tag","embeddable":true,"href":"https:\/\/www.udalegal.com\/tr\/wp-json\/wp\/v2\/tags?post=8518"}],"curies":[{"name":"wp","href":"https:\/\/api.w.org\/{rel}","templated":true}]}}