{"id":8489,"date":"2021-11-10T14:41:32","date_gmt":"2021-11-10T14:41:32","guid":{"rendered":"https:\/\/www.udalegal.com\/tr\/?p=8489"},"modified":"2022-10-31T12:14:03","modified_gmt":"2022-10-31T12:14:03","slug":"almanyada-yasayan-vatandaslarin-turkiyede-evrak-takibi","status":"publish","type":"post","link":"https:\/\/www.udalegal.com\/tr\/almanyada-yasayan-vatandaslarin-turkiyede-evrak-takibi\/","title":{"rendered":"Almanya\u2019da Ya\u015fayan Vatanda\u015flar\u0131n T\u00fcrkiye\u2019de Evrak Takibi"},"content":{"rendered":"<p>Almanya\u2019da ya\u015fayan T\u00fcrk vatanda\u015flar, T\u00fcrkiye\u2019de resmi kurum ve kurulu\u015flardaki resmi i\u015flemleri takip edememektedir. T\u00fcrkiye\u2019de kamu kurum ve kurulu\u015flardaki takip edilmesi gereken resmi i\u015flemlerle ilgili pek \u00e7ok problemlerle kar\u015f\u0131 kar\u015f\u0131ya kalabilmektedir. Yurt d\u0131\u015f\u0131nda olmas\u0131 nedeniyle resmi i\u015flemleri y\u00fcr\u00fctemedi\u011finden bir\u00e7ok konuda ma\u011fduriyet ya\u015fayabilmektedir.<\/p>\n<p>Yurt d\u0131\u015f\u0131nda ya\u015fayan milyonlarca vatanda\u015f\u0131n T\u00fcrkiye\u2019de mallar\u0131 ve yat\u0131r\u0131mlar\u0131 bulunmakta, akrabal\u0131k ili\u015fkileri devam etmektedir. Bu vatanda\u015flar\u0131n T\u00fcrkiye ile ba\u011flar\u0131n\u0131 koparmamas\u0131 nedeniyle \u00fclkemizde n\u00fcfus, tapu ve miras gibi resmi dairelerde yap\u0131lmas\u0131 gereken i\u015flemleri bulunmaktad\u0131r. Yurt d\u0131\u015f\u0131nda ya\u015famalar\u0131 nedeniyle resmi i\u015flemleri uzaktan y\u00fcr\u00fctememektedir. Bu i\u015flemlerle ilgili s\u00fcreci yeterince takip edememektedir.<\/p>\n<p>Yurt d\u0131\u015f\u0131ndaki vatanda\u015flar\u0131n n\u00fcfus, miras ve alacak gibi konularda evrak ve bilgi almas\u0131 ve i\u015flemleri takip etmesi gerekir. Yurt d\u0131\u015f\u0131nda ya\u015fayan alacakl\u0131n\u0131n, T\u00fcrkiye\u2019de bulunan bor\u00e7ludan borcunu tahsil edebilmesi i\u00e7in bor\u00e7luya ait mal varl\u0131\u011f\u0131 sorgulama ve tespiti i\u00e7in yard\u0131m almas\u0131 olduk\u00e7a \u00f6nemlidir. Bununla birlikte sonuca g\u00f6re icra i\u015flemleri ve alaca\u011f\u0131n takibini yapabilmek i\u00e7in hizmet al\u0131nmas\u0131 s\u00f6z konusu olabilmektedir.<\/p>\n<p><strong>T\u00fcrkiye\u2019deki T\u00fcm Hukuki \u0130\u015flemlerin Takibi<\/strong><\/p>\n<p>Yurt d\u0131\u015f\u0131ndaki vatanda\u015flar\u0131n T\u00fcrkiye\u2019deki resmi i\u015flemlerini sa\u011fl\u0131kl\u0131 y\u00fcr\u00fctebilmesi i\u00e7in dan\u0131\u015fmanl\u0131k almas\u0131 gerekmektedir. Bunun i\u00e7in yurt d\u0131\u015f\u0131nda ya\u015fayan bir ki\u015finin T\u00fcrkiye\u2019de yapmak istedi\u011fi t\u00fcm hukuki i\u015flemlerini firmas\u0131 arac\u0131l\u0131\u011f\u0131yla y\u00fcr\u00fctebilir. <strong>UDA Legal,<\/strong> <a href=\"https:\/\/www.udalegal.com\/tr\/hizmetlerimiz\/\" target=\"_blank\" rel=\"noopener\"><strong>Almanya\u2019daki vatanda\u015flara T\u00fcrkiye\u2019de olan t\u00fcm hukuki i\u015flemlerinin takibi<\/strong><\/a> konusunda hizmet sa\u011flamaktad\u0131r. Almanya\u2019da ya\u015fayan vatanda\u015flara, T\u00fcrkiye\u2019de olan resm\u00ee kurumlardaki t\u00fcm yasal i\u015flemlerinde hizmet vermektedir.<\/p>\n<p>\u00d6rne\u011fin; Almanya\u2019da ya\u015fayan bir ki\u015fi, T\u00fcrkiye\u2019de mal varl\u0131\u011f\u0131 oldu\u011fu d\u00fc\u015f\u00fcnd\u00fc\u011f\u00fc bor\u00e7lusuna T\u00fcrkiye\u2019de icra takibi ba\u015flatmadan \u00f6nce, bor\u00e7lusunun T\u00fcrkiye\u2019de mal varl\u0131\u011f\u0131 olup olmad\u0131\u011f\u0131n\u0131 \u00f6\u011frenmek isteyebilir. Bu durumda UDA Legal olarak anonim ve gizlilik i\u00e7inde sorgulanan \u015fahs\u0131n haberdar olmayaca\u011f\u0131 bi\u00e7imde ara\u015ft\u0131rma yap\u0131lmaktad\u0131r. Ara\u015ft\u0131rma sonucuna ba\u011fl\u0131 olarak ki\u015fiye icra takibi ya da dava a\u00e7ma karar\u0131 konusunda hizmeti taraf\u0131m\u0131zca verilmektedir.<\/p>\n<p>Almanya\u2019da ya\u015f\u0131yorsan\u0131z ve T\u00fcrkiye\u2019deki resmi kurum ve kurulu\u015flarda evrak takibi yapman\u0131z gerekiyorsa, UDA Legal&#8217;den hizmet alabilirsiniz. UDA Legal , Almanya\u2019da ya\u015fayan vatanda\u015flar\u0131n hukuki i\u015flemlerde ma\u011fdur olmamas\u0131 i\u00e7in vatanda\u015flar\u0131n T\u00fcrkiye\u2019deki t\u00fcm hukuki i\u015flemlerini takip etmekte ve gerekli durumlarda hukuki destek sa\u011flamaktad\u0131r.<\/p>\n<p><a href=\"https:\/\/www.udalegal.com\/tr\/\" target=\"_blank\" rel=\"noopener\"><strong>https:\/\/www.udalegal.com\/<\/strong><\/a><\/p>\n","protected":false},"excerpt":{"rendered":"<p>Almanya\u2019da ya\u015fayan T\u00fcrk vatanda\u015flar, T\u00fcrkiye\u2019de resmi kurum ve kurulu\u015flardaki resmi i\u015flemleri takip edememektedir. T\u00fcrkiye\u2019de kamu kurum ve kurulu\u015flardaki takip edilmesi gereken resmi i\u015flemlerle ilgili pek \u00e7ok problemlerle kar\u015f\u0131 kar\u015f\u0131ya kalabilmektedir. Yurt d\u0131\u015f\u0131nda olmas\u0131 nedeniyle resmi i\u015flemleri y\u00fcr\u00fctemedi\u011finden bir\u00e7ok konuda ma\u011fduriyet ya\u015fayabilmektedir. Yurt d\u0131\u015f\u0131nda ya\u015fayan milyonlarca vatanda\u015f\u0131n T\u00fcrkiye\u2019de mallar\u0131 ve yat\u0131r\u0131mlar\u0131 bulunmakta, akrabal\u0131k ili\u015fkileri devam etmektedir&#8230;.<\/p>\n","protected":false},"author":2,"featured_media":8492,"comment_status":"open","ping_status":"open","sticky":false,"template":"","format":"standard","meta":[],"categories":[15],"tags":[],"yoast_head":"<!-- This site is optimized with the Yoast SEO plugin v20.1 - https:\/\/yoast.com\/wordpress\/plugins\/seo\/ -->\n<title>Almanya\u2019da Ya\u015fayan Vatanda\u015flar\u0131n T\u00fcrkiye\u2019de Evrak Takibi<\/title>\n<meta name=\"description\" content=\"Almanya\u2019da Ya\u015fayan Vatanda\u015flar\u0131n T\u00fcrkiye\u2019de Evrak Takibi, T\u00fcrkiye\u2019deki T\u00fcm Hukuki \u0130\u015flemlerin Takibi, Almanya\u2019da ya\u015fayan T\u00fcrk vatanda\u015flar...\" \/>\n<meta name=\"robots\" content=\"index, follow, max-snippet:-1, max-image-preview:large, max-video-preview:-1\" \/>\n<link rel=\"canonical\" href=\"https:\/\/www.udalegal.com\/tr\/almanyada-yasayan-vatandaslarin-turkiyede-evrak-takibi\/\" \/>\n<meta property=\"og:locale\" content=\"tr_TR\" \/>\n<meta property=\"og:type\" content=\"article\" \/>\n<meta property=\"og:title\" content=\"Almanya\u2019da Ya\u015fayan Vatanda\u015flar\u0131n T\u00fcrkiye\u2019de Evrak Takibi\" \/>\n<meta property=\"og:description\" content=\"Almanya\u2019da Ya\u015fayan Vatanda\u015flar\u0131n T\u00fcrkiye\u2019de Evrak Takibi, T\u00fcrkiye\u2019deki T\u00fcm Hukuki \u0130\u015flemlerin Takibi, Almanya\u2019da ya\u015fayan T\u00fcrk vatanda\u015flar...\" \/>\n<meta property=\"og:url\" content=\"https:\/\/www.udalegal.com\/tr\/almanyada-yasayan-vatandaslarin-turkiyede-evrak-takibi\/\" \/>\n<meta property=\"og:site_name\" content=\"UDA LEGAL ARA\u015eTIRMA \u015e\u0130RKET\u0130\" \/>\n<meta property=\"article:published_time\" content=\"2021-11-10T14:41:32+00:00\" \/>\n<meta property=\"article:modified_time\" content=\"2022-10-31T12:14:03+00:00\" \/>\n<meta property=\"og:image\" content=\"https:\/\/www.udalegal.com\/tr\/wp-content\/uploads\/2021\/11\/almanyada-yasayan-vatandaslarin-turkiyede-evrak-takibi-scaled.jpg\" \/>\n\t<meta property=\"og:image:width\" content=\"2560\" \/>\n\t<meta property=\"og:image:height\" content=\"1707\" \/>\n\t<meta property=\"og:image:type\" content=\"image\/jpeg\" \/>\n<meta name=\"author\" content=\"ece\" \/>\n<meta name=\"twitter:card\" content=\"summary_large_image\" \/>\n<meta name=\"twitter:label1\" content=\"Yazan:\" \/>\n\t<meta name=\"twitter:data1\" content=\"ece\" \/>\n\t<meta name=\"twitter:label2\" content=\"Tahmini okuma s\u00fcresi\" \/>\n\t<meta name=\"twitter:data2\" content=\"2 dakika\" \/>\n<script type=\"application\/ld+json\" class=\"yoast-schema-graph\">{\"@context\":\"https:\/\/schema.org\",\"@graph\":[{\"@type\":\"WebPage\",\"@id\":\"https:\/\/www.udalegal.com\/tr\/almanyada-yasayan-vatandaslarin-turkiyede-evrak-takibi\/\",\"url\":\"https:\/\/www.udalegal.com\/tr\/almanyada-yasayan-vatandaslarin-turkiyede-evrak-takibi\/\",\"name\":\"Almanya\u2019da Ya\u015fayan Vatanda\u015flar\u0131n T\u00fcrkiye\u2019de Evrak Takibi\",\"isPartOf\":{\"@id\":\"https:\/\/www.udalegal.com\/tr\/#website\"},\"datePublished\":\"2021-11-10T14:41:32+00:00\",\"dateModified\":\"2022-10-31T12:14:03+00:00\",\"author\":{\"@id\":\"https:\/\/www.udalegal.com\/tr\/#\/schema\/person\/b9956cf114369950a9a14a03583d593c\"},\"description\":\"Almanya\u2019da Ya\u015fayan Vatanda\u015flar\u0131n T\u00fcrkiye\u2019de Evrak Takibi, T\u00fcrkiye\u2019deki T\u00fcm Hukuki \u0130\u015flemlerin Takibi, Almanya\u2019da ya\u015fayan T\u00fcrk vatanda\u015flar...\",\"breadcrumb\":{\"@id\":\"https:\/\/www.udalegal.com\/tr\/almanyada-yasayan-vatandaslarin-turkiyede-evrak-takibi\/#breadcrumb\"},\"inLanguage\":\"tr\",\"potentialAction\":[{\"@type\":\"ReadAction\",\"target\":[\"https:\/\/www.udalegal.com\/tr\/almanyada-yasayan-vatandaslarin-turkiyede-evrak-takibi\/\"]}]},{\"@type\":\"BreadcrumbList\",\"@id\":\"https:\/\/www.udalegal.com\/tr\/almanyada-yasayan-vatandaslarin-turkiyede-evrak-takibi\/#breadcrumb\",\"itemListElement\":[{\"@type\":\"ListItem\",\"position\":1,\"name\":\"Anasayfa\",\"item\":\"https:\/\/www.udalegal.com\/tr\/\"},{\"@type\":\"ListItem\",\"position\":2,\"name\":\"Almanya\u2019da Ya\u015fayan Vatanda\u015flar\u0131n T\u00fcrkiye\u2019de Evrak Takibi\"}]},{\"@type\":\"WebSite\",\"@id\":\"https:\/\/www.udalegal.com\/tr\/#website\",\"url\":\"https:\/\/www.udalegal.com\/tr\/\",\"name\":\"UDA LEGAL ARA\u015eTIRMA \u015e\u0130RKET\u0130\",\"description\":\"\",\"potentialAction\":[{\"@type\":\"SearchAction\",\"target\":{\"@type\":\"EntryPoint\",\"urlTemplate\":\"https:\/\/www.udalegal.com\/tr\/?s={search_term_string}\"},\"query-input\":\"required name=search_term_string\"}],\"inLanguage\":\"tr\"},{\"@type\":\"Person\",\"@id\":\"https:\/\/www.udalegal.com\/tr\/#\/schema\/person\/b9956cf114369950a9a14a03583d593c\",\"name\":\"ece\",\"image\":{\"@type\":\"ImageObject\",\"inLanguage\":\"tr\",\"@id\":\"https:\/\/www.udalegal.com\/tr\/#\/schema\/person\/image\/\",\"url\":\"https:\/\/secure.gravatar.com\/avatar\/858fae87a025a8f6e681266952023f93?s=96&d=mm&r=g\",\"contentUrl\":\"https:\/\/secure.gravatar.com\/avatar\/858fae87a025a8f6e681266952023f93?s=96&d=mm&r=g\",\"caption\":\"ece\"}}]}<\/script>\n<!-- \/ Yoast SEO plugin. -->","yoast_head_json":{"title":"Almanya\u2019da Ya\u015fayan Vatanda\u015flar\u0131n T\u00fcrkiye\u2019de Evrak Takibi","description":"Almanya\u2019da Ya\u015fayan Vatanda\u015flar\u0131n T\u00fcrkiye\u2019de Evrak Takibi, T\u00fcrkiye\u2019deki T\u00fcm Hukuki \u0130\u015flemlerin Takibi, Almanya\u2019da ya\u015fayan T\u00fcrk vatanda\u015flar...","robots":{"index":"index","follow":"follow","max-snippet":"max-snippet:-1","max-image-preview":"max-image-preview:large","max-video-preview":"max-video-preview:-1"},"canonical":"https:\/\/www.udalegal.com\/tr\/almanyada-yasayan-vatandaslarin-turkiyede-evrak-takibi\/","og_locale":"tr_TR","og_type":"article","og_title":"Almanya\u2019da Ya\u015fayan Vatanda\u015flar\u0131n T\u00fcrkiye\u2019de Evrak Takibi","og_description":"Almanya\u2019da Ya\u015fayan Vatanda\u015flar\u0131n T\u00fcrkiye\u2019de Evrak Takibi, T\u00fcrkiye\u2019deki T\u00fcm Hukuki \u0130\u015flemlerin Takibi, Almanya\u2019da ya\u015fayan T\u00fcrk vatanda\u015flar...","og_url":"https:\/\/www.udalegal.com\/tr\/almanyada-yasayan-vatandaslarin-turkiyede-evrak-takibi\/","og_site_name":"UDA LEGAL ARA\u015eTIRMA \u015e\u0130RKET\u0130","article_published_time":"2021-11-10T14:41:32+00:00","article_modified_time":"2022-10-31T12:14:03+00:00","og_image":[{"width":2560,"height":1707,"url":"https:\/\/www.udalegal.com\/tr\/wp-content\/uploads\/2021\/11\/almanyada-yasayan-vatandaslarin-turkiyede-evrak-takibi-scaled.jpg","type":"image\/jpeg"}],"author":"ece","twitter_card":"summary_large_image","twitter_misc":{"Yazan:":"ece","Tahmini okuma s\u00fcresi":"2 dakika"},"schema":{"@context":"https:\/\/schema.org","@graph":[{"@type":"WebPage","@id":"https:\/\/www.udalegal.com\/tr\/almanyada-yasayan-vatandaslarin-turkiyede-evrak-takibi\/","url":"https:\/\/www.udalegal.com\/tr\/almanyada-yasayan-vatandaslarin-turkiyede-evrak-takibi\/","name":"Almanya\u2019da Ya\u015fayan Vatanda\u015flar\u0131n T\u00fcrkiye\u2019de Evrak Takibi","isPartOf":{"@id":"https:\/\/www.udalegal.com\/tr\/#website"},"datePublished":"2021-11-10T14:41:32+00:00","dateModified":"2022-10-31T12:14:03+00:00","author":{"@id":"https:\/\/www.udalegal.com\/tr\/#\/schema\/person\/b9956cf114369950a9a14a03583d593c"},"description":"Almanya\u2019da Ya\u015fayan Vatanda\u015flar\u0131n T\u00fcrkiye\u2019de Evrak Takibi, T\u00fcrkiye\u2019deki T\u00fcm Hukuki \u0130\u015flemlerin Takibi, Almanya\u2019da ya\u015fayan T\u00fcrk vatanda\u015flar...","breadcrumb":{"@id":"https:\/\/www.udalegal.com\/tr\/almanyada-yasayan-vatandaslarin-turkiyede-evrak-takibi\/#breadcrumb"},"inLanguage":"tr","potentialAction":[{"@type":"ReadAction","target":["https:\/\/www.udalegal.com\/tr\/almanyada-yasayan-vatandaslarin-turkiyede-evrak-takibi\/"]}]},{"@type":"BreadcrumbList","@id":"https:\/\/www.udalegal.com\/tr\/almanyada-yasayan-vatandaslarin-turkiyede-evrak-takibi\/#breadcrumb","itemListElement":[{"@type":"ListItem","position":1,"name":"Anasayfa","item":"https:\/\/www.udalegal.com\/tr\/"},{"@type":"ListItem","position":2,"name":"Almanya\u2019da Ya\u015fayan Vatanda\u015flar\u0131n T\u00fcrkiye\u2019de Evrak Takibi"}]},{"@type":"WebSite","@id":"https:\/\/www.udalegal.com\/tr\/#website","url":"https:\/\/www.udalegal.com\/tr\/","name":"UDA LEGAL ARA\u015eTIRMA \u015e\u0130RKET\u0130","description":"","potentialAction":[{"@type":"SearchAction","target":{"@type":"EntryPoint","urlTemplate":"https:\/\/www.udalegal.com\/tr\/?s={search_term_string}"},"query-input":"required name=search_term_string"}],"inLanguage":"tr"},{"@type":"Person","@id":"https:\/\/www.udalegal.com\/tr\/#\/schema\/person\/b9956cf114369950a9a14a03583d593c","name":"ece","image":{"@type":"ImageObject","inLanguage":"tr","@id":"https:\/\/www.udalegal.com\/tr\/#\/schema\/person\/image\/","url":"https:\/\/secure.gravatar.com\/avatar\/858fae87a025a8f6e681266952023f93?s=96&d=mm&r=g","contentUrl":"https:\/\/secure.gravatar.com\/avatar\/858fae87a025a8f6e681266952023f93?s=96&d=mm&r=g","caption":"ece"}}]}},"_links":{"self":[{"href":"https:\/\/www.udalegal.com\/tr\/wp-json\/wp\/v2\/posts\/8489"}],"collection":[{"href":"https:\/\/www.udalegal.com\/tr\/wp-json\/wp\/v2\/posts"}],"about":[{"href":"https:\/\/www.udalegal.com\/tr\/wp-json\/wp\/v2\/types\/post"}],"author":[{"embeddable":true,"href":"https:\/\/www.udalegal.com\/tr\/wp-json\/wp\/v2\/users\/2"}],"replies":[{"embeddable":true,"href":"https:\/\/www.udalegal.com\/tr\/wp-json\/wp\/v2\/comments?post=8489"}],"version-history":[{"count":4,"href":"https:\/\/www.udalegal.com\/tr\/wp-json\/wp\/v2\/posts\/8489\/revisions"}],"predecessor-version":[{"id":8604,"href":"https:\/\/www.udalegal.com\/tr\/wp-json\/wp\/v2\/posts\/8489\/revisions\/8604"}],"wp:featuredmedia":[{"embeddable":true,"href":"https:\/\/www.udalegal.com\/tr\/wp-json\/wp\/v2\/media\/8492"}],"wp:attachment":[{"href":"https:\/\/www.udalegal.com\/tr\/wp-json\/wp\/v2\/media?parent=8489"}],"wp:term":[{"taxonomy":"category","embeddable":true,"href":"https:\/\/www.udalegal.com\/tr\/wp-json\/wp\/v2\/categories?post=8489"},{"taxonomy":"post_tag","embeddable":true,"href":"https:\/\/www.udalegal.com\/tr\/wp-json\/wp\/v2\/tags?post=8489"}],"curies":[{"name":"wp","href":"https:\/\/api.w.org\/{rel}","templated":true}]}}